{"id":573,"date":"2025-11-14T10:29:44","date_gmt":"2025-11-14T09:29:44","guid":{"rendered":"https:\/\/www.bianchidino.it\/blog\/?p=573"},"modified":"2025-11-14T12:55:44","modified_gmt":"2025-11-14T11:55:44","slug":"come-allestire-una-vetrina-per-il-black-friday","status":"publish","type":"post","link":"https:\/\/www.bianchidino.it\/blog\/come-allestire-una-vetrina-per-il-black-friday\/","title":{"rendered":"Come allestire una vetrina per il Black Friday"},"content":{"rendered":"\n<p>\u00c8 arrivato in Italia in sordina, ma \u00e8 diventato talmente popolare da essere <strong>l\u2019evento shopping dell\u2019anno insieme al Natale<\/strong>: parliamo del celebre <strong><em>venerd\u00ec nero<\/em><\/strong> e di tutte le iniziative promozionali che gli ruotano intorno. Anche in questa occasione, l&#8217;allestimento del tuo negozio pu\u00f2 svolgere un ruolo chiave: scopriamo quindi <strong>come allestire una vetrina per il Black Friday<\/strong> in modo da incuriosire i nuovi clienti e far tornare quelli gi\u00e0 affezionati.<\/p>\n\n\n\n<p>Ma prima dei nostri consigli, qualche curiosit\u00e0 e qualche dato su questa ricorrenza.<\/p>\n\n\n\n<div id=\"ez-toc-container\" class=\"ez-toc-v2_0_73 counter-hierarchy ez-toc-counter ez-toc-grey ez-toc-container-direction\">\r\n<div class=\"ez-toc-title-container\">\r\n<p class=\"ez-toc-title\" style=\"cursor:inherit\">Indice<\/p>\r\n<span class=\"ez-toc-title-toggle\"><\/span><\/div>\r\n<nav><ul class='ez-toc-list ez-toc-list-level-1 ' ><ul class='ez-toc-list-level-3' ><li class='ez-toc-heading-level-3'><a class=\"ez-toc-link ez-toc-heading-1\" href=\"https:\/\/www.bianchidino.it\/blog\/come-allestire-una-vetrina-per-il-black-friday\/#Quando_cade_il_Black_Friday\" title=\"Quando cade il Black Friday\">Quando cade il Black Friday<\/a><\/li><li class='ez-toc-page-1 ez-toc-heading-level-3'><a class=\"ez-toc-link ez-toc-heading-2\" href=\"https:\/\/www.bianchidino.it\/blog\/come-allestire-una-vetrina-per-il-black-friday\/#Quanto_durano_le_offerte_del_Black_Friday\" title=\"Quanto durano le offerte del Black Friday\">Quanto durano le offerte del Black Friday<\/a><\/li><li class='ez-toc-page-1 ez-toc-heading-level-3'><a class=\"ez-toc-link ez-toc-heading-3\" href=\"https:\/\/www.bianchidino.it\/blog\/come-allestire-una-vetrina-per-il-black-friday\/#Black_friday_in_negozio_quando_allestire_la_vetrina\" title=\"Black friday in negozio: quando allestire la vetrina\">Black friday in negozio: quando allestire la vetrina<\/a><\/li><li class='ez-toc-page-1 ez-toc-heading-level-3'><a class=\"ez-toc-link ez-toc-heading-4\" href=\"https:\/\/www.bianchidino.it\/blog\/come-allestire-una-vetrina-per-il-black-friday\/#Black_Friday_dati_e_tendenze_in_Italia\" title=\"Black Friday: dati e tendenze in Italia\">Black Friday: dati e tendenze in Italia<\/a><\/li><\/ul><\/li><li class='ez-toc-page-1 ez-toc-heading-level-2'><a class=\"ez-toc-link ez-toc-heading-5\" href=\"https:\/\/www.bianchidino.it\/blog\/come-allestire-una-vetrina-per-il-black-friday\/#Come_allestire_le_vetrine_del_Black_Friday_i_colori_da_scegliere\" title=\"Come allestire le vetrine del Black Friday: i colori da scegliere\">Come allestire le vetrine del Black Friday: i colori da scegliere<\/a><\/li><li class='ez-toc-page-1 ez-toc-heading-level-2'><a class=\"ez-toc-link ez-toc-heading-6\" href=\"https:\/\/www.bianchidino.it\/blog\/come-allestire-una-vetrina-per-il-black-friday\/#Vetrine_Black_Friday_le_idee_piu_belle_per_trarre_ispirazione\" title=\"Vetrine Black Friday: le idee pi\u00f9 belle per trarre ispirazione\">Vetrine Black Friday: le idee pi\u00f9 belle per trarre ispirazione<\/a><\/li><\/ul><\/nav><\/div>\r\n<h3 class=\"wp-block-heading\"><span class=\"ez-toc-section\" id=\"Quando_cade_il_Black_Friday\"><\/span><strong>Quando cade il Black Friday<\/strong><span class=\"ez-toc-section-end\"><\/span><\/h3>\n\n\n\n<p>Il Black Friday cade ogni anno il <strong>venerd\u00ec successivo al Giorno del Ringraziamento<\/strong>, ovvero a fine novembre. Segna l\u2019inizio ufficiale dello shopping natalizio sia per i negozi che gli e-commerce. Nello specifico, dato che quest\u2019anno il Ringraziamento \u00e8 gioved\u00ec 27 novembre, il <strong>Black Friday 2025 \u00e8 venerd\u00ec 28 novembre.<\/strong><\/p>\n\n\n\n<p>Conoscere la data di questa ricorrenza in anticipo \u00e8 fondamentale per pianificare le tue iniziative promozionali, organizzare il magazzino, l\u2019esposizione dei prodotti e soprattutto l\u2019allestimento della vetrina: un passaggio chiave per distinguerti e catturare l\u2019attenzione in un periodo in cui la concorrenza \u00e8 pi\u00f9 che mai numerosa e determinata.<\/p>\n\n\n\n<h3 class=\"wp-block-heading\"><span class=\"ez-toc-section\" id=\"Quanto_durano_le_offerte_del_Black_Friday\"><\/span><strong>Quanto durano le offerte del Black Friday<\/strong><span class=\"ez-toc-section-end\"><\/span><\/h3>\n\n\n\n<p>Anche se il nome si riferisce a un solo giorno, le offerte del Black Friday durano spesso pi\u00f9 a lungo. Molti punti vendita scelgono di prolungarle <strong>per tutto il weekend<\/strong>, altri <strong>fino al <\/strong><strong><em>Cyber Monday<\/em><\/strong> (il luned\u00ec successivo al fine settimana del Black Friday), altri ancora estendono gli sconti <strong>per un\u2019intera settimana<\/strong><em> <\/em>facendo pullulare <em>Black Week <\/em>e<em> Black Days.<\/em>&nbsp;<\/p>\n\n\n\n<p>Il tentativo \u00e8 quello di sfruttare l\u2019attenzione suscitata da questo evento per intercettare un pubblico sempre pi\u00f9 ampio e gestire al meglio il flusso della clientela. Ci\u00f2 significa che la vetrina del Black Friday deve essere progettata per mantenere il suo impatto visivo e la sua coerenza comunicativa fino alla fine del periodo promozionale. Ma quando iniziare ad allestirla?<\/p>\n\n\n\n<h3 class=\"wp-block-heading\"><span class=\"ez-toc-section\" id=\"Black_friday_in_negozio_quando_allestire_la_vetrina\"><\/span><strong>Black friday in negozio: quando allestire la vetrina<\/strong><span class=\"ez-toc-section-end\"><\/span><\/h3>\n\n\n\n<p>Prenderti il tempo necessario per pensare alle <strong>vetrine del Black Friday<\/strong> pu\u00f2 fare la differenza tra un allestimento improvvisato e un\u2019esposizione capace di generare curiosit\u00e0 e vendite in negozio. Sta di fatto che non esiste una regola fissa per stabilire <strong>quando allestire la vetrina del Black Friday<\/strong> perch\u00e9, come abbiamo appena visto, ogni punto vendita gestisce questo evento in modo diverso: c\u2019\u00e8 chi concentra le promozioni in un solo weekend e chi le estende per pi\u00f9 giorni o un\u2019intera settimana.&nbsp;<\/p>\n\n\n\n<p>In base alla durata delle tue offerte, puoi decidere di realizzare l\u2019allestimento:<\/p>\n\n\n\n<ul class=\"wp-block-list\">\n<li><strong>in anticipo<\/strong> per gestire tutto in modo pi\u00f9 rilassato, creare attesa e preparare i clienti al clima promozionale. L\u2019unico rischio, in questo caso, \u00e8 quello di suscitare una sorta di abitudine tale da rendere meno efficace l\u2019iniziativa;<\/li>\n\n\n\n<li><strong>a ridosso della data<\/strong> per creare un effetto sorpresa, proporre occasioni last minute e sfruttare tutta l\u2019intensit\u00e0 di una promozione concentrata in pochi giorni. Ma attenzione: le tempistiche serrate richiedono una pianificazione perfetta a monte.<\/li>\n<\/ul>\n\n\n\n<div style=\"height:30px\" aria-hidden=\"true\" class=\"wp-block-spacer\"><\/div>\n\n\n\n<p>Una volta deciso, \u00e8 molto importante il fattore della coerenza: il <strong>concept visivo<\/strong> deve rispecchiare l\u2019immagine del tuo negozio anche durante il Black Friday, con grafiche, colori e messaggi chiari, capaci di trasmettere urgenza e convenienza. Cartellonistica ben visibile, decorazioni a tema e dettagli studiati per guidare lo sguardo verso le offerte principali, ti aiuteranno a valorizzare l\u2019efficacia della tua vetrina qualunque sia la durata della tua promozione.<\/p>\n\n\n\n<p>A riprova del fatto che meriti approfittare di questa ricorrenza, ecco qualche statistica rilevante.<\/p>\n\n\n\n<h3 class=\"wp-block-heading\"><span class=\"ez-toc-section\" id=\"Black_Friday_dati_e_tendenze_in_Italia\"><\/span><strong>Black Friday: dati e tendenze in Italia<\/strong><span class=\"ez-toc-section-end\"><\/span><\/h3>\n\n\n\n<p>Negli ultimi anni, il Black Friday in Italia ha registrato una <strong>crescita costante<\/strong> sia negli shop online che nei punti vendita. Le persone non cercano pi\u00f9 solo sconti, secondo le pi\u00f9 recenti ricerche di settore condotte da <a href=\"https:\/\/www.confcommercio.it\/\" target=\"_blank\" rel=\"noreferrer noopener\">Confcommercio<\/a> e dall\u2019<a href=\"https:\/\/www.osservatori.net\/\" target=\"_blank\" rel=\"noreferrer noopener\">Osservatorio eCommerce B2C del Politecnico di Milano<\/a>, i clienti apprezzano i negozi capaci di coniugare convenienza e creativit\u00e0 visiva offrendo esperienze d\u2019acquisto piacevoli e coinvolgenti.&nbsp;<\/p>\n\n\n\n<p>D\u2019altro canto, in base al <a href=\"https:\/\/www.pwc.com\/it\/it\/press-room\/assets\/docs\/CS-Black-Friday-Cyber-Monday-2025.pdf\" target=\"_blank\" rel=\"noreferrer noopener\">sondaggio pubblicato da PwC<\/a> sul Black Friday 2025:<\/p>\n\n\n\n<ul class=\"wp-block-list\">\n<li><strong>8 italiani su 10<\/strong> pronti a fare compere;<\/li>\n\n\n\n<li>cresce lo scontrino degli italiani con una <strong>spesa media prevista di \u20ac246<\/strong> rispetto ai \u20ac229 del 2024;<\/li>\n\n\n\n<li><strong>elettronica e tecnologia<\/strong> trainano gli acquisti in Italia (44%), seguite da moda (38%) e articoli per la casa (23%);<\/li>\n\n\n\n<li>3 italiani su 10 desiderano comprare fino alla met\u00e0 dei <strong>regali natalizi <\/strong>durante il Black Friday;<\/li>\n\n\n\n<li>l\u2019<strong>e-commerce<\/strong> guida gli acquisti (46,8%), seguito dallo <strong>shopping in negozio<\/strong> (36,8%).<\/li>\n<\/ul>\n\n\n\n<div style=\"height:30px\" aria-hidden=\"true\" class=\"wp-block-spacer\"><\/div>\n\n\n\n<p>Non resta che scoprire come fare in modo che la tua vetrina dia il massimo in questa occasione.<\/p>\n\n\n\n<div style=\"height:30px\" aria-hidden=\"true\" class=\"wp-block-spacer\"><\/div>\n\n\n\n<figure class=\"wp-block-image size-large\"><img fetchpriority=\"high\" decoding=\"async\" width=\"1024\" height=\"1024\" src=\"https:\/\/www.bianchidino.it\/blog\/wp-content\/uploads\/2025\/11\/vetrine-Black-Friday-1024x1024.webp\" alt=\"vetrine Black Friday\" class=\"wp-image-575\" srcset=\"https:\/\/www.bianchidino.it\/blog\/wp-content\/uploads\/2025\/11\/vetrine-Black-Friday-1024x1024.webp 1024w, https:\/\/www.bianchidino.it\/blog\/wp-content\/uploads\/2025\/11\/vetrine-Black-Friday-300x300.webp 300w, https:\/\/www.bianchidino.it\/blog\/wp-content\/uploads\/2025\/11\/vetrine-Black-Friday-150x150.webp 150w, https:\/\/www.bianchidino.it\/blog\/wp-content\/uploads\/2025\/11\/vetrine-Black-Friday-768x768.webp 768w, https:\/\/www.bianchidino.it\/blog\/wp-content\/uploads\/2025\/11\/vetrine-Black-Friday-1536x1536.webp 1536w, https:\/\/www.bianchidino.it\/blog\/wp-content\/uploads\/2025\/11\/vetrine-Black-Friday-2048x2048.webp 2048w\" sizes=\"(max-width: 1024px) 100vw, 1024px\" \/><\/figure>\n\n\n\n<div style=\"height:30px\" aria-hidden=\"true\" class=\"wp-block-spacer\"><\/div>\n\n\n\n<h2 class=\"wp-block-heading\"><span class=\"ez-toc-section\" id=\"Come_allestire_le_vetrine_del_Black_Friday_i_colori_da_scegliere\"><\/span><strong>Come allestire le vetrine del Black Friday: i colori da scegliere<\/strong><span class=\"ez-toc-section-end\"><\/span><\/h2>\n\n\n\n<p>Il <strong>colore<\/strong> \u00e8 uno degli strumenti pi\u00f9 potenti per comunicare l\u2019identit\u00e0 visiva e l\u2019atmosfera del tuo Black Friday. In vetrina, la palette giusta aiuta a creare contrasti d\u2019impatto, trasmettere un senso di urgenza e dare coerenza al messaggio promozionale giocando con i diversi elementi in esposizione. Siano essi prodotti, decorazioni, cartelloni o vetrofanie. Se sei in cerca di suggerimenti, ecco alcune <strong>combinazioni cromatiche da considerare<\/strong>.<\/p>\n\n\n\n<ul class=\"wp-block-list\">\n<li><strong>Total black: <\/strong>ideale se vuoi puntare sull\u2019essenzialit\u00e0 e sull\u2019eleganza. Una vetrina nera non passa di certo inosservata, soprattutto se abbini scritte bianche o dettagli luminosi.<\/li>\n\n\n\n<li><strong>Nero e argento: <\/strong>un binomio che comunica modernit\u00e0 e tecnologia. L\u2019argento aggiunge luce e dinamismo al nero, rendendo la vetrina adatta a negozi di elettronica, articoli tecnologici o brand dal mood minimale e raffinato.<\/li>\n\n\n\n<li><strong>Nero e oro: <\/strong>l\u2019abbinamento del lusso. \u00c8 la scelta giusta se vuoi valorizzare prodotti premium e trasmettere un senso di esclusivit\u00e0 anche durante le promozioni. L\u2019oro, usato a piccoli tocchi, richiama la convenienza senza perdere il senso di eleganza.<\/li>\n\n\n\n<li><strong>Nero e rosso: <\/strong>il contrasto pi\u00f9 energico e d\u2019impatto. Il rosso stimola l\u2019azione e comunica urgenza, perfetto per attirare l\u2019attenzione sui cartelli sconto e sulle offerte principali. Ideale per negozi dal carattere pi\u00f9 deciso.<\/li>\n\n\n\n<li><strong>Nero, bianco e rosso: <\/strong>una palette classica ma sempre efficace. Il bianco alleggerisce la composizione e aiuta a bilanciare il contrasto tra nero e rosso, rendendo la vetrina efficace anche da lontano. Ottima per catene e store con una forte identit\u00e0 visiva.<\/li>\n\n\n\n<li><strong>Nero e rosa: <\/strong>una combinazione pi\u00f9 originale e di tendenza. Il rosa, nelle sue sfumature pi\u00f9 intense o vellutate, smorza la rigidit\u00e0 del nero e aggiunge un tocco femminile e moderno. Indicato per boutique, negozi di cosmetica o brand fashion-oriented.<br><br><\/li>\n<\/ul>\n\n\n\n<h2 class=\"wp-block-heading\"><span class=\"ez-toc-section\" id=\"Vetrine_Black_Friday_le_idee_piu_belle_per_trarre_ispirazione\"><\/span><strong>Vetrine Black Friday: le idee pi\u00f9 belle per trarre ispirazione<\/strong><span class=\"ez-toc-section-end\"><\/span><\/h2>\n\n\n\n<ul class=\"wp-block-list\">\n<li><strong>Vetrina total black con giochi di luce: <\/strong>punta su fondali e pedane nere, arricchiti da <a href=\"https:\/\/catalogo.bianchidino.it\/it\/lista\/0\/articoli\/2\/1\/categoria\/articoli-natalizi-10\/luci,-led-cordoniere-121\" target=\"_blank\" rel=\"noreferrer noopener\">luci e led<\/a>. Il contrasto luce\/ombra crea un effetto suggestivo e valorizza i prodotti in offerta.<\/li>\n\n\n\n<li><strong>Sconto Black Friday in primo piano: <\/strong>fai in modo che la percentuale di sconto sia la protagonista assoluta della tua vetrina. Lettere giganti, cartelli 3D o vetrofanie con numeri oversize catturano subito l\u2019attenzione e rendono il messaggio chiaro in pochi secondi.<\/li>\n\n\n\n<li><strong>Specchio, specchio del tuo Black Friday: <\/strong>usa <a href=\"https:\/\/catalogo.bianchidino.it\/it\/lista\/0\/articoli\/2\/1\/categoria\/decori-casa-e-complementi-12\/quadri,-specchi-e-decori-da-parete-157\" target=\"_blank\" rel=\"noreferrer noopener\">specchi<\/a> e superfici metalliche per moltiplicare visivamente i prodotti e creare atmosfera. Una soluzione perfetta per spazi moderni, brand tecnologici o della moda.&nbsp;<\/li>\n\n\n\n<li><strong>Black Friday in stile naturale: <\/strong>se il tuo negozio ha un\u2019anima green o artigianale, utilizza fiori e rami essiccati tinti di nero per realizzate delle composizioni che diano alla tua vetrina un look pi\u00f9 sofisticato ma anche pi\u00f9 originale. Scopri di pi\u00f9 nella categoria <a href=\"https:\/\/catalogo.bianchidino.it\/it\/lista\/0\/articoli\/2\/1\/categoria\/prodotti-naturali-fiori-e-rami-essiccati-11\/erbe-e-fiori-colorati-59\" target=\"_blank\" rel=\"noreferrer noopener\">erbe e fiori colorati<\/a> del nostro shop B2B.<\/li>\n\n\n\n<li><strong>Conto alla rovescia verso il Black Friday<\/strong>: integra un orologio digitale o un pannello con il countdown verso l\u2019inizio o la fine delle offerte. \u00c8 un espediente semplice ma molto efficace per trasmettere un senso d\u2019impellenza e spingere all\u2019acquisto.<\/li>\n\n\n\n<li><strong>Black <\/strong><strong><em>balloon art<\/em><\/strong><strong>: <\/strong>i palloncini neri rappresentano una scelta di grande resa con una spesa minima. Usali per creare archi o composizioni che incornicino i tuoi prodotti in promozione. Per un risultato pi\u00f9 elegante, inserisci delle note dorate o argentate.<\/li>\n\n\n\n<li><strong>Allestimento con scatole regalo: <\/strong>ideale per chi desidera creare un ponte, anche visivo, tra il Black Friday e le feste natalizie. Le scatole si prestano per creare&nbsp; molteplici installazioni. Inoltre, che siano impilate o appese, comunicano l\u2019idea di occasioni tutte da scoprire e da scartare.<\/li>\n\n\n\n<li><strong>Vetrina <\/strong><strong><em>shopping fever<\/em><\/strong><strong>: <\/strong>ricrea l\u2019atmosfera del momento con sacchetti, scatole aperte, nastri, cartellini \u201csold out\u201d per suggerire il ritmo frenetico e coinvolgente del Black Friday.<\/li>\n\n\n\n<li><strong>Esposizione sospesa: <\/strong>appendi prodotti, cartellini sconto o oggetti decorativi a fili trasparenti per creare leggerezza e movimento. Un modo originale per differenziarti dalle classiche vetrine con manichini, prodotti e decorazioni sistemati a terra.&nbsp;<\/li>\n<\/ul>\n\n\n\n<div style=\"height:30px\" aria-hidden=\"true\" class=\"wp-block-spacer\"><\/div>\n\n\n\n<p>A met\u00e0 strada tra le <a href=\"https:\/\/www.bianchidino.it\/blog\/allestimento-vetrine-halloween\/\">vetrine di Halloween<\/a> e l\u2019incanto delle <a href=\"https:\/\/www.bianchidino.it\/blog\/vetrine-di-natale-2025\/\" target=\"_blank\" rel=\"noreferrer noopener\">vetrine di Natale<\/a>, l\u2019allestimento del Black Friday rappresenta l&#8217;occasione per esprimere ci\u00f2 che rende speciale il tuo negozio puntando sull&#8217;attrattiva degli sconti e speriamo che i nostri consigli ti siano pi\u00f9 che mai utili in tale senso.&nbsp;<\/p>\n\n\n\n<p>Ricorda che da <a href=\"https:\/\/www.bianchidino.it\/index.php\" target=\"_blank\" rel=\"noreferrer noopener\"><strong>Bianchi Dino<\/strong><\/a> trovi uno <a href=\"https:\/\/www.bianchidino.it\/showroom.php\" target=\"_blank\" rel=\"noreferrer noopener\"><strong>showroom<\/strong><\/a> con oltre 15.000 articoli divisi in 5 aree tematiche. Fai un tour immersivo per scoprire tutto il nostro <a href=\"https:\/\/www.bianchidino.it\/campionarianatale\/\" target=\"_blank\" rel=\"noreferrer noopener\"><strong>campionario dedicato al Natale<\/strong><\/a><strong> <\/strong>e contattaci per fissare il tuo appuntamento. Oppure, approfitta delle nostre aperture straordinarie per trovare idee e supporto alla tua visione decorativa. <a href=\"https:\/\/www.bianchidino.it\/contatti.php\" target=\"_blank\" rel=\"noreferrer noopener\">Contattaci<\/a> per saperne di pi\u00f9!<\/p>\n\n\n\n<p><\/p>\n","protected":false},"excerpt":{"rendered":"<p>\u00c8 arrivato in Italia in sordina, ma \u00e8 diventato talmente popolare da essere l\u2019evento shopping dell\u2019anno insieme al Natale: parliamo del celebre venerd\u00ec nero e di tutte le iniziative promozionali che gli ruotano intorno. Anche in questa occasione, l&#8217;allestimento del tuo negozio pu\u00f2 svolgere un ruolo chiave: scopriamo quindi come allestire una vetrina per il [&hellip;]<\/p>\n","protected":false},"author":4,"featured_media":574,"comment_status":"open","ping_status":"open","sticky":false,"template":"","format":"standard","meta":{"footnotes":""},"categories":[14],"tags":[],"class_list":["post-573","post","type-post","status-publish","format-standard","has-post-thumbnail","hentry","category-vetrine"],"_links":{"self":[{"href":"https:\/\/www.bianchidino.it\/blog\/wp-json\/wp\/v2\/posts\/573","targetHints":{"allow":["GET"]}}],"collection":[{"href":"https:\/\/www.bianchidino.it\/blog\/wp-json\/wp\/v2\/posts"}],"about":[{"href":"https:\/\/www.bianchidino.it\/blog\/wp-json\/wp\/v2\/types\/post"}],"author":[{"embeddable":true,"href":"https:\/\/www.bianchidino.it\/blog\/wp-json\/wp\/v2\/users\/4"}],"replies":[{"embeddable":true,"href":"https:\/\/www.bianchidino.it\/blog\/wp-json\/wp\/v2\/comments?post=573"}],"version-history":[{"count":6,"href":"https:\/\/www.bianchidino.it\/blog\/wp-json\/wp\/v2\/posts\/573\/revisions"}],"predecessor-version":[{"id":584,"href":"https:\/\/www.bianchidino.it\/blog\/wp-json\/wp\/v2\/posts\/573\/revisions\/584"}],"wp:featuredmedia":[{"embeddable":true,"href":"https:\/\/www.bianchidino.it\/blog\/wp-json\/wp\/v2\/media\/574"}],"wp:attachment":[{"href":"https:\/\/www.bianchidino.it\/blog\/wp-json\/wp\/v2\/media?parent=573"}],"wp:term":[{"taxonomy":"category","embeddable":true,"href":"https:\/\/www.bianchidino.it\/blog\/wp-json\/wp\/v2\/categories?post=573"},{"taxonomy":"post_tag","embeddable":true,"href":"https:\/\/www.bianchidino.it\/blog\/wp-json\/wp\/v2\/tags?post=573"}],"curies":[{"name":"wp","href":"https:\/\/api.w.org\/{rel}","templated":true}]}}