{"id":474,"date":"2025-03-28T16:26:06","date_gmt":"2025-03-28T15:26:06","guid":{"rendered":"https:\/\/www.bianchidino.it\/blog\/?p=474"},"modified":"2025-03-28T16:26:09","modified_gmt":"2025-03-28T15:26:09","slug":"come-allestire-le-vetrine-primaverili","status":"publish","type":"post","link":"https:\/\/www.bianchidino.it\/blog\/come-allestire-le-vetrine-primaverili\/","title":{"rendered":"Vetrine primaverili: come far sbocciare il tuo allestimento a tema"},"content":{"rendered":"\n<p>Freschezza. Rinascita. Luminosit\u00e0. Sono concetti legati all\u2019arrivo di ogni primavera. Una stagione tanto attesa dopo il letargo invernale. Un momento da vivere a stretto contatto con la natura, che torna a sbocciare e fiorire diventando un\u2019inesauribile fonte d&#8217;ispirazione. Ma come trarne spunto per le tue<strong> vetrine primaverili<\/strong>? Scoprilo insieme a noi e rendi speciale il tuo <strong>allestimento<\/strong> idea dopo idea, consiglio dopo consiglio.<\/p>\n\n\n\n<div id=\"ez-toc-container\" class=\"ez-toc-v2_0_73 counter-hierarchy ez-toc-counter ez-toc-grey ez-toc-container-direction\">\r\n<div class=\"ez-toc-title-container\">\r\n<p class=\"ez-toc-title\" style=\"cursor:inherit\">Indice<\/p>\r\n<span class=\"ez-toc-title-toggle\"><\/span><\/div>\r\n<nav><ul class='ez-toc-list ez-toc-list-level-1 ' ><li class='ez-toc-page-1 ez-toc-heading-level-2'><a class=\"ez-toc-link ez-toc-heading-1\" href=\"https:\/\/www.bianchidino.it\/blog\/come-allestire-le-vetrine-primaverili\/#I_colori_adatti_alle_vetrine_di_primavera\" title=\"I colori adatti alle vetrine di primavera\">I colori adatti alle vetrine di primavera<\/a><ul class='ez-toc-list-level-3' ><li class='ez-toc-heading-level-3'><a class=\"ez-toc-link ez-toc-heading-2\" href=\"https:\/\/www.bianchidino.it\/blog\/come-allestire-le-vetrine-primaverili\/#Tonalita_pastello_versatilita_e_raffinatezza\" title=\"Tonalit\u00e0 pastello: versatilit\u00e0 e raffinatezza\">Tonalit\u00e0 pastello: versatilit\u00e0 e raffinatezza<\/a><\/li><li class='ez-toc-page-1 ez-toc-heading-level-3'><a class=\"ez-toc-link ez-toc-heading-3\" href=\"https:\/\/www.bianchidino.it\/blog\/come-allestire-le-vetrine-primaverili\/#Colori_vivaci_energia_e_impatto_visivo\" title=\"Colori vivaci: energia e impatto visivo\">Colori vivaci: energia e impatto visivo<\/a><\/li><li class='ez-toc-page-1 ez-toc-heading-level-3'><a class=\"ez-toc-link ez-toc-heading-4\" href=\"https:\/\/www.bianchidino.it\/blog\/come-allestire-le-vetrine-primaverili\/#Bianco_e_toni_neutri_equilibrio_e_luminosita\" title=\"Bianco e toni neutri: equilibrio e luminosit\u00e0\">Bianco e toni neutri: equilibrio e luminosit\u00e0<\/a><\/li><li class='ez-toc-page-1 ez-toc-heading-level-3'><a class=\"ez-toc-link ez-toc-heading-5\" href=\"https:\/\/www.bianchidino.it\/blog\/come-allestire-le-vetrine-primaverili\/#Accostamenti_strategici_e_contrasti_cromatici\" title=\"Accostamenti strategici e contrasti cromatici\">Accostamenti strategici e contrasti cromatici<\/a><\/li><\/ul><\/li><li class='ez-toc-page-1 ez-toc-heading-level-2'><a class=\"ez-toc-link ez-toc-heading-6\" href=\"https:\/\/www.bianchidino.it\/blog\/come-allestire-le-vetrine-primaverili\/#I_temi_da_scegliere_per_lallestimento_delle_vetrine_primaverili\" title=\"I temi da scegliere per l\u2019allestimento delle vetrine primaverili\">I temi da scegliere per l\u2019allestimento delle vetrine primaverili<\/a><\/li><li class='ez-toc-page-1 ez-toc-heading-level-2'><a class=\"ez-toc-link ez-toc-heading-7\" href=\"https:\/\/www.bianchidino.it\/blog\/come-allestire-le-vetrine-primaverili\/#8_idee_per_vetrine_primaverili\" title=\"8 idee per vetrine primaverili\">8 idee per vetrine primaverili<\/a><\/li><\/ul><\/nav><\/div>\r\n<h2 class=\"wp-block-heading\"><span class=\"ez-toc-section\" id=\"I_colori_adatti_alle_vetrine_di_primavera\"><\/span><strong>I colori adatti alle vetrine di primavera<\/strong><span class=\"ez-toc-section-end\"><\/span><\/h2>\n\n\n\n<p>La scelta dei colori per una vetrina primaverile non \u00e8 solo una questione estetica: \u00e8 una <strong>strategia di comunicazione visiva<\/strong>. I colori influenzano la percezione del cliente, trasmettono emozioni e possono persino orientare le decisioni d\u2019acquisto. Per evocare un mood primaverile, per esempio, ti consigliamo di usare delle tinte in sintonia con il senso di rinnovamento della stagione. Ecco qualche suggerimento per riuscirci.<\/p>\n\n\n\n<h3 class=\"wp-block-heading\"><span class=\"ez-toc-section\" id=\"Tonalita_pastello_versatilita_e_raffinatezza\"><\/span><strong>Tonalit\u00e0 pastello: versatilit\u00e0 e raffinatezza<\/strong><span class=\"ez-toc-section-end\"><\/span><\/h3>\n\n\n\n<p>Poco sature ma molto luminose, le sfumature pastello sono capaci di trasmettere un immediato senso di delicatezza e freschezza. Per questo rappresentano <strong>un vero e proprio must per l\u2019allestimento delle vetrine di primavera<\/strong>. Colori come il verde salvia, il rosa cipria o il lilla creano subito un\u2019atmosfera raffinata e leggiadra senza risultare invadenti. Sono perfetti per boutique, profumerie e negozi che puntano su un appeal rilassante ma al tempo stesso disinvolto e allegro.<\/p>\n\n\n\n<h3 class=\"wp-block-heading\"><span class=\"ez-toc-section\" id=\"Colori_vivaci_energia_e_impatto_visivo\"><\/span><strong>Colori vivaci: energia e impatto visivo<\/strong><span class=\"ez-toc-section-end\"><\/span><\/h3>\n\n\n\n<p>Se vuoi catturare l\u2019attenzione, punta su tonalit\u00e0 pi\u00f9 accese. Azzurro, giallo, rosso e verde brillante<strong> trasmettono energia e dinamismo<\/strong>, richiamando i cieli sereni e i prati in fiore associati al simbolismo primaverile. Sono ideali per negozi di moda, accessori o articoli per bambini. Unica accortezza: vanno saputi bilanciare con i colori neutri per evitare un effetto troppo appariscente o kitsch.<\/p>\n\n\n\n<h3 class=\"wp-block-heading\"><span class=\"ez-toc-section\" id=\"Bianco_e_toni_neutri_equilibrio_e_luminosita\"><\/span><strong>Bianco e toni neutri: equilibrio e luminosit\u00e0<\/strong><span class=\"ez-toc-section-end\"><\/span><\/h3>\n\n\n\n<p>Se invece desideri realizzare delle vetrine di primavera minimaliste per esaltare ogni dettaglio esposto, il bianco \u00e8 <strong>garanzia di pulizia visiva e lucentezza<\/strong>. Puoi utilizzarlo in versione <em>total white<\/em>, oppure abbinarlo a tonalit\u00e0 neutre come il beige o il grigio chiaro. Oppure, perch\u00e9 non associare il bianco al <em>mocha mousse<\/em>, il colore pantone 2025? Se cerchi un contrasto che trasmetta morbidezza e avvolgenza, non lo sottovalutare. A patto di inserire un richiamo prettamente primaverile nelle decorazioni. E a proposito di contrasti\u2026<\/p>\n\n\n\n<h3 class=\"wp-block-heading\"><span class=\"ez-toc-section\" id=\"Accostamenti_strategici_e_contrasti_cromatici\"><\/span><strong>Accostamenti strategici e contrasti cromatici<\/strong><span class=\"ez-toc-section-end\"><\/span><\/h3>\n\n\n\n<p>L\u2019efficacia della <strong>palette colori da mettere in vetrina<\/strong> dipende anche dagli abbinamenti. Accostare il rosa pastello al verde menta crea un risultato fresco e armonioso, mentre il giallo acceso con il blu elettrico d\u00e0 vita a un contrasto che attira subito lo sguardo. \u00c8 importante che la scelta dei colori sia coerente con il tema della tua esposizione e il tipo di merce che proponi. Come abbiamo detto all\u2019inizio, decidere i colori pi\u00f9 adatti \u00e8 un modo per comunicare con il cliente, rendendo la vetrina non solo bella ma anche funzionale ai tuoi obiettivi di vendita.<\/p>\n\n\n\n<p><\/p>\n\n\n\n<figure class=\"wp-block-image size-large\"><img fetchpriority=\"high\" decoding=\"async\" width=\"1024\" height=\"683\" src=\"https:\/\/www.bianchidino.it\/blog\/wp-content\/uploads\/2025\/03\/idee-per-vetrine-primaverili-1024x683.jpg\" alt=\"idee per vetrine primaverili\" class=\"wp-image-476\" srcset=\"https:\/\/www.bianchidino.it\/blog\/wp-content\/uploads\/2025\/03\/idee-per-vetrine-primaverili-1024x683.jpg 1024w, https:\/\/www.bianchidino.it\/blog\/wp-content\/uploads\/2025\/03\/idee-per-vetrine-primaverili-300x200.jpg 300w, https:\/\/www.bianchidino.it\/blog\/wp-content\/uploads\/2025\/03\/idee-per-vetrine-primaverili-768x512.jpg 768w, https:\/\/www.bianchidino.it\/blog\/wp-content\/uploads\/2025\/03\/idee-per-vetrine-primaverili-1536x1024.jpg 1536w, https:\/\/www.bianchidino.it\/blog\/wp-content\/uploads\/2025\/03\/idee-per-vetrine-primaverili-2048x1365.jpg 2048w\" sizes=\"(max-width: 1024px) 100vw, 1024px\" \/><\/figure>\n\n\n\n<p><\/p>\n\n\n\n<h2 class=\"wp-block-heading\"><span class=\"ez-toc-section\" id=\"I_temi_da_scegliere_per_lallestimento_delle_vetrine_primaverili\"><\/span><strong>I temi da scegliere per l\u2019allestimento delle vetrine primaverili<\/strong><span class=\"ez-toc-section-end\"><\/span><\/h2>\n\n\n\n<p>Quando la primavera \u00e8 nell\u2019aria, i <strong>temi stagionali<\/strong> rappresentano la possibilit\u00e0 di connetterti con l&#8217;atmosfera del periodo traendo spunti creativi per le tue vetrine. Al tempo stesso, possono aiutarti a ideare un filo conduttore che renda la tua esposizione pi\u00f9 accattivante e coerente, come abbiamo sottolineato nell\u2019articolo dedicato ai modi per <a href=\"https:\/\/www.bianchidino.it\/blog\/come-allestire-un-negozio\/\" target=\"_blank\" rel=\"noreferrer noopener\">allestire un negozio<\/a>.<\/p>\n\n\n\n<p>Dai richiami tradizionali della Pasqua alle atmosfere rilassate di un picnic all\u2019aria aperta, fino a soluzioni pi\u00f9 contemporanee, ogni tema che ti proponiamo ha il potenziale per valorizzare i tuoi prodotti e stimolare l\u2019interesse dei clienti. Vediamo come sfruttarli per allestire al meglio le tue vetrine di primavera.<\/p>\n\n\n\n<ul class=\"wp-block-list\">\n<li><strong>Pasqua<\/strong>: \u00e8 la festivit\u00e0 simbolo della stagione e, come tale, ha tutta una sua iconicit\u00e0. Dalle <a href=\"https:\/\/catalogo.bianchidino.it\/it\/lista\/0\/articoli\/2\/1\/categoria\/articoli-primaverili-e-pasquali-6\/uova-decorate,-naturali,-nidi-e-decori-pasquali-176\" target=\"_blank\" rel=\"noreferrer noopener\">uova decorate<\/a> ai <a href=\"https:\/\/catalogo.bianchidino.it\/it\/lista\/0\/articoli\/2\/1\/categoria\/articoli-primaverili-e-pasquali-6\/pulcini,-uccellini-e-farfalle-132\" target=\"_blank\" rel=\"noreferrer noopener\">pulcini<\/a>, dai coniglietti agli agnellini da utilizzare come decorazione o idea regalo, specie in vetrine di dimensioni contenute. Un tema ideale se hai un negozio di fiori, di generi alimentari, prodotti artigianali o per bambini. Entra nella sezione dedicata agli <a href=\"https:\/\/catalogo.bianchidino.it\/it\/catalogo\/0\/1\/categoria\/articoli-primaverili-e-pasquali-6\" target=\"_blank\" rel=\"noreferrer noopener\">articoli primaverili e pasquali<\/a> del nostro shop B2B e trova quello che fa per te!\u00a0<\/li>\n\n\n\n<li><strong>Festa della mamma<\/strong>: \u00e8 un momento in cui esprimere amore e attenzione verso una delle persone pi\u00f9 speciali nella vita di ognuno. Ecco perch\u00e9 realizzare una vetrina intorno a questo tema pu\u00f2 aiutarti a catturare l\u2019attenzione dei tuoi clienti ideali. Puoi puntare su <a href=\"https:\/\/catalogo.bianchidino.it\/it\/catalogo\/0\/1\/categoria\/-1\" target=\"_blank\" rel=\"noreferrer noopener\">fiori artificiali<\/a>, messaggi d\u2019amore, <a href=\"https:\/\/catalogo.bianchidino.it\/it\/lista\/0\/articoli\/2\/1\/categoria\/cuori,-s-valentino,-f-mamma-7\/cuori-rattan-e-in-vari-materiali-70\" target=\"_blank\" rel=\"noreferrer noopener\">cuori<\/a> per impreziosire le tue vetrine. Un&#8217;idea sempre valida per negozi di abbigliamento per donna, profumeria e bijoux.\u00a0\u00a0<\/li>\n\n\n\n<li><strong>Pic nic sull\u2019erba<\/strong>: un giorno di sole, un prato punteggiato di <a href=\"https:\/\/catalogo.bianchidino.it\/it\/lista\/0\/articoli\/2\/1\/categoria\/fiori-artificiali-1\/margherita,fiordaliso-e-papavero-123\" target=\"_blank\" rel=\"noreferrer noopener\">margherite<\/a>, un <a href=\"https:\/\/catalogo.bianchidino.it\/it\/articolo\/paniere-home-ovale-40xh38-cm-43589\" target=\"_blank\" rel=\"noreferrer noopener\">paniere<\/a> colmo di prelibatezze da assaporare in compagnia. Perch\u00e9 non richiamare questa visione rilassante e spensierata nelle tue vetrine di primavera? Seleziona con cura gli elementi pi\u00f9 adatti in base alle dimensioni della tua esposizione, ai colori scelti e al tipo di prodotto che desideri presentare: noi ti mettiamo a disposizione i nostri <a href=\"https:\/\/www.bianchidino.it\/cataloghi.php\" target=\"_blank\" rel=\"noreferrer noopener\">cataloghi<\/a> pi\u00f9 tanti <a href=\"https:\/\/catalogo.bianchidino.it\/it\/catalogo\/0\/1\/categoria\/cesteria-4\" target=\"_blank\" rel=\"noreferrer noopener\">articoli di cesteria<\/a> e<a href=\"https:\/\/catalogo.bianchidino.it\/it\/lista\/1\/articoli\/2\/1\/categoria\/articoli-primaverili-e-pasquali-6\/decori-primavera-estate-74\" target=\"_blank\" rel=\"noreferrer noopener\"> decori primavera-estate<\/a> tra cui scegliere.<\/li>\n\n\n\n<li><strong>Flower power<\/strong>: se la primavera \u00e8 una vera e propria esplosione floreale, puoi ricreare questo tripudio nella tua vetrina in tanti modi diversi. Una cascata di fiori. Degli aquiloni realizzati con i fiori che preferisci. Una scenografia che preveda una singola installazione floreale d\u2019impatto. Una serie di vasi appesi o disposti a varie altezze. Un addobbo floreale che coinvolga i manichini o che crei un leitmotiv dal dentro al fuori. Insomma, se non c\u2019\u00e8 limite alla creativit\u00e0 e all\u2019innovazione quando si tratta di usare i <a href=\"https:\/\/catalogo.bianchidino.it\/it\/catalogo\/0\/1\/categoria\/-1\" target=\"_blank\" rel=\"noreferrer noopener\">fiori artificiali<\/a> per allestire una perfetta vetrina primaverile. Attingi al tuo estro e, se sei in cerca d\u2019ispirazione, iscriviti al nostro <a href=\"https:\/\/www.bianchidino.it\/blog\/evento-wedding-design-workshop-gratuito\/\" target=\"_blank\" rel=\"noreferrer noopener\">corso gratuito di floral design<\/a>!<\/li>\n\n\n\n<li><strong>Green &amp; natural style: <\/strong>il richiamo alla natura tipico della stagione, \u00e8 anche un modo per porre l\u2019attenzione alla sostenibilit\u00e0 e a tutto ci\u00f2 che \u00e8 green. Del resto, l\u2019uso dei materiali naturali come legno, rattan, rafia o seagrass si conferma uno dei trend decorativi pi\u00f9 in voga anche nel corso di questa primavera. Tu puoi personalizzarlo grazie all\u2019uso di cassette e <a href=\"https:\/\/catalogo.bianchidino.it\/it\/lista\/0\/articoli\/2\/1\/categoria\/cesteria-4\/articoli-in-legno-cassette-23\" target=\"_blank\" rel=\"noreferrer noopener\">articoli in legno<\/a>,\u00a0 <a href=\"https:\/\/catalogo.bianchidino.it\/it\/lista\/0\/articoli\/2\/1\/categoria\/cesteria-4\/cesti-ovali-rotondi-c-s-manico-53\" target=\"_blank\" rel=\"noreferrer noopener\">cesti ovali e rotondi<\/a>, <a href=\"https:\/\/catalogo.bianchidino.it\/it\/lista\/0\/articoli\/2\/1\/categoria\/cesteria-4\/cornucopie,-piatti-vimini-65\" target=\"_blank\" rel=\"noreferrer noopener\">cornucopie<\/a>, <a href=\"https:\/\/catalogo.bianchidino.it\/it\/lista\/0\/articoli\/2\/1\/categoria\/cesteria-4\/corone-naturali-intrecciate-66\" target=\"_blank\" rel=\"noreferrer noopener\">corone intrecciate<\/a>, <a href=\"https:\/\/catalogo.bianchidino.it\/it\/lista\/1\/articoli\/2\/1\/categoria\/candele-2\/lanterne-40\" target=\"_blank\" rel=\"noreferrer noopener\">lanterne<\/a> e <a href=\"https:\/\/catalogo.bianchidino.it\/it\/lista\/0\/articoli\/2\/1\/categoria\/fiori-artificiali-1\/fiori-naturali-costruiti-89\" target=\"_blank\" rel=\"noreferrer noopener\">fiori naturali costruiti<\/a>. Un tema adatto se hai un negozio di articoli per la casa, di fiori o di biancheria.\u00a0<\/li>\n\n\n\n<li><strong>Spring essential: <\/strong>se prediligi uno stile pi\u00f9 minimale, puoi esprimere la primavera attraverso l&#8217;uso dei colori e di soluzioni innovative. Per esempio, puoi scegliere dei <a href=\"https:\/\/catalogo.bianchidino.it\/it\/lista\/0\/articoli\/2\/1\/categoria\/decori-casa-e-complementi-12\/vasi-e-cont-vetro,-alzate-178\" target=\"_blank\" rel=\"noreferrer noopener\">vasi di vetro<\/a> colorato da utilizzare da soli o in composizioni di pi\u00f9 elementi, vuoti o con dei fiori in linea con il design essenziale che pi\u00f9 ti piace. Un tema che ti consigliamo se il tuo negozio ha un\u2019ambientazione moderna e luminosa.<\/li>\n<\/ul>\n\n\n\n<h2 class=\"wp-block-heading\"><span class=\"ez-toc-section\" id=\"8_idee_per_vetrine_primaverili\"><\/span><strong>8 idee per vetrine primaverili<\/strong><span class=\"ez-toc-section-end\"><\/span><\/h2>\n\n\n\n<p>Per fare in modo che i temi appena elencati diventino delle scenografie accattivanti in perfetto mood stagionale, ecco <strong>10 idee che puoi trovare sul nostro <\/strong><a href=\"https:\/\/catalogo.bianchidino.it\/it\/\" target=\"_blank\" rel=\"noreferrer noopener\"><strong>shop B2B<\/strong><\/a>. Registrati per accedere: c\u2019\u00e8 un intero catalogo che ti aspetta.<\/p>\n\n\n\n<ol class=\"wp-block-list\">\n<li><a href=\"https:\/\/catalogo.bianchidino.it\/it\/lista\/0\/articoli\/2\/1\/categoria\/articoli-primaverili-e-pasquali-6\/animali-resina-e-vari-materiali-20\" target=\"_blank\" rel=\"noreferrer noopener\"><strong>Animali in resina e vari materiali<\/strong><\/a>: scegliere galli, galline, uccellini, agnellini, coniglietti \u00e8 un\u2019ottima soluzione per richiamare la natura e la Pasqua donando carattere alla tua vetrina di primavera. Posizionarli su diversi livelli, magari accostandoli a dei dettagli vegetali, per dare dinamismo e armonia alla composizione.<\/li>\n\n\n\n<li><a href=\"https:\/\/catalogo.bianchidino.it\/it\/lista\/1\/articoli\/2\/1\/categoria\/candele-2\/candele-pasquali-39\" target=\"_blank\" rel=\"noreferrer noopener\"><strong>Candele pasquali<\/strong><\/a> per aggiungere atmosfera alle tue creazioni, alle tue tavole e al tuo ambiente di lavoro. Se poi sei un flower design, puoi abbinarle a elementi naturali come muschio e legno chiaro per proporre delle composizioni natural style alla tua clientela. Da non dimenticare anche i <a href=\"https:\/\/catalogo.bianchidino.it\/it\/lista\/1\/articoli\/2\/1\/categoria\/fiori-artificiali-1\/girocandela-110\" target=\"_blank\" rel=\"noreferrer noopener\"><strong>girocandela<\/strong><\/a> floreali.<\/li>\n\n\n\n<li><a href=\"https:\/\/catalogo.bianchidino.it\/it\/lista\/0\/articoli\/2\/1\/categoria\/articoli-primaverili-e-pasquali-6\/contenitori-pasquali,ceramica,resina-cesteria-45\" target=\"_blank\" rel=\"noreferrer noopener\"><strong>Contenitori <\/strong><\/a>e<strong> <\/strong><a href=\"https:\/\/catalogo.bianchidino.it\/it\/lista\/0\/articoli\/2\/1\/categoria\/articoli-primaverili-e-pasquali-6\/soggetti-pasquali,-conigli,-galline,-pecore-ecc-584\" target=\"_blank\" rel=\"noreferrer noopener\"><strong>soggetti pasquali<\/strong> <\/a>in tante forme e colori, ideali per impreziosire la tua vetrina primaverile con decorazioni e idee regalo perfette per questo periodo dell\u2019anno.\u00a0<\/li>\n\n\n\n<li><a href=\"https:\/\/catalogo.bianchidino.it\/it\/lista\/0\/articoli\/2\/1\/categoria\/articoli-primaverili-e-pasquali-6\/decori-primavera-estate-74\" target=\"_blank\" rel=\"noreferrer noopener\"><strong>Decori primavera-estate<\/strong><\/a> come girandole, tulipani stilizzati o deliziose casette nei toni pastello per creare delle vetrine dal gusto giocoso. Puoi combinarli tra loro per ottenere effetti sempre nuovi e soluzioni flessibili.<\/li>\n\n\n\n<li><a href=\"https:\/\/catalogo.bianchidino.it\/it\/lista\/0\/articoli\/2\/1\/categoria\/articoli-primaverili-e-pasquali-6\/pick-pasquali-150\" target=\"_blank\" rel=\"noreferrer noopener\"><strong>Pick pasquali<\/strong><\/a> perfetti per arricchire qualsiasi composizione, da un vaso con fiori freschi a una ghirlanda decorativa. Basta un tocco per inserirli dove desideri e anche la pi\u00f9 piccola delle vetrine o delle decorazioni avr\u00e0 il suo elemento tematico a prova di primavera.<\/li>\n\n\n\n<li><a href=\"https:\/\/catalogo.bianchidino.it\/it\/lista\/0\/articoli\/2\/1\/categoria\/articoli-primaverili-e-pasquali-6\/pulcini,-uccellini-e-farfalle-132\" target=\"_blank\" rel=\"noreferrer noopener\"><strong>Pulcini, uccellini e farfalle<\/strong><\/a> evocano il senso di rinascita tipico della stagione. In particolare, i pulcini richiamano la tradizione pasquale, mentre gli uccellini e le farfalle regalano delicatezza e movimento alla vetrina. Posizionali tra rami o piccoli nidi decorativi per mettere in esposizione tutta la freschezza della natura primaverile.<\/li>\n\n\n\n<li><a href=\"https:\/\/catalogo.bianchidino.it\/it\/lista\/0\/articoli\/2\/1\/categoria\/articoli-primaverili-e-pasquali-6\/uova-decorate,-naturali,-nidi-e-decori-pasquali-176\" target=\"_blank\" rel=\"noreferrer noopener\"><strong>Uova decorate e naturali<\/strong><\/a> di tutte le misure. Da quelle da appendere alle ghirlande di uova, da quelle che sembrano realizzate in cioccolata ai nidi. Non resta che scegliere ci\u00f2 che preferisci tra i simboli pi\u00f9 iconici della festivit\u00e0.\u00a0<\/li>\n\n\n\n<li><a href=\"https:\/\/catalogo.bianchidino.it\/it\/catalogo\/0\/1\/categoria\/-1\" target=\"_blank\" rel=\"noreferrer noopener\"><strong>Fiori, fiori, fiori<\/strong><\/a> primaverili come fresie, ranuncoli, tulipani, mimose, fiori di pesco in riproduzioni realistiche. Se la primavera \u00e8 uno sbocciare sorprendente per bellezza, colori e profumi, siamo pronti a restituirti tutta questa meraviglia per allestire le tue vetrine primaverili in tanti modi diversi. Dai bouquet alle composizioni in vaso o nei cesti, dai tralci pendenti ai rampicanti, dal verde ornamentale alle pareti verticali. A te la scelta a noi tutto l\u2019assortimento di cui hai bisogno.\u00a0<\/li>\n<\/ol>\n\n\n\n<p><\/p>\n\n\n\n<p>In ogni stagione e per ogni iniziativa, da <a href=\"https:\/\/www.bianchidino.it\/index.php\">Bianchi Dino<\/a> trovi tutto il necessario per le tue vetrine e i tuoi allestimenti. <a href=\"https:\/\/www.bianchidino.it\/contatti.php\">Contattaci<\/a>: dal 1970 supportiamo la tua visione decorativa con tutta la nostra esperienza e creativit\u00e0. Sar\u00e0 un piacere esserti ancora d\u2019aiuto!<\/p>\n","protected":false},"excerpt":{"rendered":"<p>Freschezza. Rinascita. Luminosit\u00e0. Sono concetti legati all\u2019arrivo di ogni primavera. Una stagione tanto attesa dopo il letargo invernale. Un momento da vivere a stretto contatto con la natura, che torna a sbocciare e fiorire diventando un\u2019inesauribile fonte d&#8217;ispirazione. Ma come trarne spunto per le tue vetrine primaverili? Scoprilo insieme a noi e rendi speciale il [&hellip;]<\/p>\n","protected":false},"author":4,"featured_media":475,"comment_status":"open","ping_status":"open","sticky":false,"template":"","format":"standard","meta":{"footnotes":""},"categories":[14],"tags":[],"class_list":["post-474","post","type-post","status-publish","format-standard","has-post-thumbnail","hentry","category-vetrine"],"_links":{"self":[{"href":"https:\/\/www.bianchidino.it\/blog\/wp-json\/wp\/v2\/posts\/474","targetHints":{"allow":["GET"]}}],"collection":[{"href":"https:\/\/www.bianchidino.it\/blog\/wp-json\/wp\/v2\/posts"}],"about":[{"href":"https:\/\/www.bianchidino.it\/blog\/wp-json\/wp\/v2\/types\/post"}],"author":[{"embeddable":true,"href":"https:\/\/www.bianchidino.it\/blog\/wp-json\/wp\/v2\/users\/4"}],"replies":[{"embeddable":true,"href":"https:\/\/www.bianchidino.it\/blog\/wp-json\/wp\/v2\/comments?post=474"}],"version-history":[{"count":3,"href":"https:\/\/www.bianchidino.it\/blog\/wp-json\/wp\/v2\/posts\/474\/revisions"}],"predecessor-version":[{"id":479,"href":"https:\/\/www.bianchidino.it\/blog\/wp-json\/wp\/v2\/posts\/474\/revisions\/479"}],"wp:featuredmedia":[{"embeddable":true,"href":"https:\/\/www.bianchidino.it\/blog\/wp-json\/wp\/v2\/media\/475"}],"wp:attachment":[{"href":"https:\/\/www.bianchidino.it\/blog\/wp-json\/wp\/v2\/media?parent=474"}],"wp:term":[{"taxonomy":"category","embeddable":true,"href":"https:\/\/www.bianchidino.it\/blog\/wp-json\/wp\/v2\/categories?post=474"},{"taxonomy":"post_tag","embeddable":true,"href":"https:\/\/www.bianchidino.it\/blog\/wp-json\/wp\/v2\/tags?post=474"}],"curies":[{"name":"wp","href":"https:\/\/api.w.org\/{rel}","templated":true}]}}