{"id":299,"date":"2025-01-08T10:50:38","date_gmt":"2025-01-08T09:50:38","guid":{"rendered":"https:\/\/www.bianchidino.it\/blog\/?p=299"},"modified":"2025-10-21T16:27:38","modified_gmt":"2025-10-21T14:27:38","slug":"come-allestire-un-negozio","status":"publish","type":"post","link":"https:\/\/www.bianchidino.it\/blog\/come-allestire-un-negozio\/","title":{"rendered":"Come allestire un negozio a partire dalle vetrine"},"content":{"rendered":"\n<p>Per <strong>allestire un negozio<\/strong> servono accuratezza e consapevolezza, oltre alla creativit\u00e0. In ballo c\u2019\u00e8 l\u2019esperienza che vuoi regalare ai potenziali clienti ed \u00e8 importante considerare ogni aspetto a partire dalle <strong>vetrine<\/strong>: il primo elemento che cattura l\u2019attenzione dei passanti e li invita a entrare. Un allestimento curato e studiato valorizza i prodotti e crea un\u2019esperienza che pu\u00f2 influenzare i comportamenti d&#8217;acquisto. Ecco perch\u00e9 abbiamo deciso di creare una <strong>guida all\u2019allestimento delle vetrine<\/strong> con consigli pratici e idee creative basate sull\u2019alternarsi di festivit\u00e0, stagioni ed eventi. Scopri i nostri suggerimenti e preparati ad attirare la clientela con un\u2019esposizione a regola d\u2019arte!<\/p>\n\n\n\n<div id=\"ez-toc-container\" class=\"ez-toc-v2_0_73 counter-hierarchy ez-toc-counter ez-toc-grey ez-toc-container-direction\">\r\n<div class=\"ez-toc-title-container\">\r\n<p class=\"ez-toc-title\" style=\"cursor:inherit\">Indice<\/p>\r\n<span class=\"ez-toc-title-toggle\"><\/span><\/div>\r\n<nav><ul class='ez-toc-list ez-toc-list-level-1 ' ><li class='ez-toc-page-1 ez-toc-heading-level-2'><a class=\"ez-toc-link ez-toc-heading-1\" href=\"https:\/\/www.bianchidino.it\/blog\/come-allestire-un-negozio\/#7_consigli_per_lallestimento_vetrine_in_negozio\" title=\"7 consigli per l\u2019allestimento vetrine in negozio\">7 consigli per l\u2019allestimento vetrine in negozio<\/a><ul class='ez-toc-list-level-3' ><li class='ez-toc-heading-level-3'><a class=\"ez-toc-link ez-toc-heading-2\" href=\"https:\/\/www.bianchidino.it\/blog\/come-allestire-un-negozio\/#1_Conosci_il_tuo_target\" title=\"1. Conosci il tuo target\">1. Conosci il tuo target<\/a><\/li><li class='ez-toc-page-1 ez-toc-heading-level-3'><a class=\"ez-toc-link ez-toc-heading-3\" href=\"https:\/\/www.bianchidino.it\/blog\/come-allestire-un-negozio\/#2_Studia_bene_gli_spazi\" title=\"2. Studia bene gli spazi\">2. Studia bene gli spazi<\/a><\/li><li class='ez-toc-page-1 ez-toc-heading-level-3'><a class=\"ez-toc-link ez-toc-heading-4\" href=\"https:\/\/www.bianchidino.it\/blog\/come-allestire-un-negozio\/#3_Scegli_un_tema\" title=\"3. Scegli un tema\">3. Scegli un tema<\/a><\/li><li class='ez-toc-page-1 ez-toc-heading-level-3'><a class=\"ez-toc-link ez-toc-heading-5\" href=\"https:\/\/www.bianchidino.it\/blog\/come-allestire-un-negozio\/#4_Definisci_il_punto_focale\" title=\"4. Definisci il punto focale\">4. Definisci il punto focale<\/a><\/li><li class='ez-toc-page-1 ez-toc-heading-level-3'><a class=\"ez-toc-link ez-toc-heading-6\" href=\"https:\/\/www.bianchidino.it\/blog\/come-allestire-un-negozio\/#5_Abbina_con_cura_i_colori\" title=\"5. Abbina con cura i colori\">5. Abbina con cura i colori<\/a><\/li><li class='ez-toc-page-1 ez-toc-heading-level-3'><a class=\"ez-toc-link ez-toc-heading-7\" href=\"https:\/\/www.bianchidino.it\/blog\/come-allestire-un-negozio\/#6_Ricorda_che_%E2%80%9Cmeno_e_piu%E2%80%9D\" title=\"6. Ricorda che \u201cmeno \u00e8 pi\u00f9\u201d\">6. Ricorda che \u201cmeno \u00e8 pi\u00f9\u201d<\/a><\/li><li class='ez-toc-page-1 ez-toc-heading-level-3'><a class=\"ez-toc-link ez-toc-heading-8\" href=\"https:\/\/www.bianchidino.it\/blog\/come-allestire-un-negozio\/#7_Rinnova_spesso_lesposizione\" title=\"7. Rinnova spesso l\u2019esposizione\">7. Rinnova spesso l\u2019esposizione<\/a><\/li><\/ul><\/li><li class='ez-toc-page-1 ez-toc-heading-level-2'><a class=\"ez-toc-link ez-toc-heading-9\" href=\"https:\/\/www.bianchidino.it\/blog\/come-allestire-un-negozio\/#Allestimento_vetrine_in_base_a_festivita_eventi_e_stagioni\" title=\"Allestimento vetrine in base a festivit\u00e0, eventi e stagioni\">Allestimento vetrine in base a festivit\u00e0, eventi e stagioni<\/a><ul class='ez-toc-list-level-3' ><li class='ez-toc-heading-level-3'><a class=\"ez-toc-link ez-toc-heading-10\" href=\"https:\/\/www.bianchidino.it\/blog\/come-allestire-un-negozio\/#Natale\" title=\"Natale\">Natale<\/a><\/li><li class='ez-toc-page-1 ez-toc-heading-level-3'><a class=\"ez-toc-link ez-toc-heading-11\" href=\"https:\/\/www.bianchidino.it\/blog\/come-allestire-un-negozio\/#San_Valentino\" title=\"San Valentino\">San Valentino<\/a><\/li><li class='ez-toc-page-1 ez-toc-heading-level-3'><a class=\"ez-toc-link ez-toc-heading-12\" href=\"https:\/\/www.bianchidino.it\/blog\/come-allestire-un-negozio\/#Primavera\" title=\"Primavera\">Primavera<\/a><\/li><li class='ez-toc-page-1 ez-toc-heading-level-3'><a class=\"ez-toc-link ez-toc-heading-13\" href=\"https:\/\/www.bianchidino.it\/blog\/come-allestire-un-negozio\/#Mare\" title=\"Mare\">Mare<\/a><\/li><li class='ez-toc-page-1 ez-toc-heading-level-3'><a class=\"ez-toc-link ez-toc-heading-14\" href=\"https:\/\/www.bianchidino.it\/blog\/come-allestire-un-negozio\/#Autunno\" title=\"Autunno\">Autunno<\/a><\/li><li class='ez-toc-page-1 ez-toc-heading-level-3'><a class=\"ez-toc-link ez-toc-heading-15\" href=\"https:\/\/www.bianchidino.it\/blog\/come-allestire-un-negozio\/#Halloween\" title=\"Halloween\">Halloween<\/a><\/li><li class='ez-toc-page-1 ez-toc-heading-level-3'><a class=\"ez-toc-link ez-toc-heading-16\" href=\"https:\/\/www.bianchidino.it\/blog\/come-allestire-un-negozio\/#Saldi\" title=\"Saldi\">Saldi<\/a><\/li><li class='ez-toc-page-1 ez-toc-heading-level-3'><a class=\"ez-toc-link ez-toc-heading-17\" href=\"https:\/\/www.bianchidino.it\/blog\/come-allestire-un-negozio\/#Inaugurazione\" title=\"Inaugurazione\">Inaugurazione<\/a><\/li><\/ul><\/li><\/ul><\/nav><\/div>\r\n<h2 class=\"wp-block-heading\"><span class=\"ez-toc-section\" id=\"7_consigli_per_lallestimento_vetrine_in_negozio\"><\/span><strong>7 consigli per l\u2019allestimento vetrine in negozio<\/strong><span class=\"ez-toc-section-end\"><\/span><\/h2>\n\n\n\n<h3 class=\"wp-block-heading\"><span class=\"ez-toc-section\" id=\"1_Conosci_il_tuo_target\"><\/span><strong>1. Conosci il tuo target<\/strong><span class=\"ez-toc-section-end\"><\/span><\/h3>\n\n\n\n<p>Iniziamo da una raccomandazione mutuata dal marketing e spesso sottovalutata: la conoscenza del <strong>target<\/strong>, ovvero dei tuoi <strong>clienti ideali<\/strong>. Sapere chi sono pu\u00f2 fare la differenza perch\u00e9 ti permette di andare incontro a ci\u00f2 che cercano grazie alle tue vetrine e al tuo allestimento. Per riuscirci, \u00e8 fondamentale sapere dettagli come l\u2019et\u00e0, il sesso, lo stile di vita, i gusti, le necessit\u00e0, e cos\u00ec via. Pi\u00f9 la conoscenza \u00e8 approfondita, pi\u00f9 hai possibilit\u00e0 di intercettare il tuo target con la tua esposizione.&nbsp;<\/p>\n\n\n\n<p>Facciamo due <strong>esempi<\/strong>. \u200b\u200bSe ti rivolgi a un pubblico giovane e dinamico, puoi puntare su colori vivaci, grafiche moderne e temi pop. Se invece il tuo target \u00e8 pi\u00f9 adulto, uno stile tradizionale e minimalista potrebbe essere la scelta giusta.<\/p>\n\n\n\n<p>Per acquisire una conoscenza approfondita dei tuoi clienti ideali, basati sul <strong>contatto diretto<\/strong>: un canale privilegiato rispetto ad altri. Pensa alle domande che ti rivolgono pi\u00f9 spesso, ai best seller, a come si vestono, si esprimono e si comportano. Dopodich\u00e9 pensa a ci\u00f2 che potrebbe piacere loro. Una vetrina costruita intorno alle aspettative del tuo pubblico, pu\u00f2 rafforzare il legame con il tuo punto vendita e invogliare all&#8217;acquisto.<\/p>\n\n\n\n<h3 class=\"wp-block-heading\"><span class=\"ez-toc-section\" id=\"2_Studia_bene_gli_spazi\"><\/span><strong>2. Studia bene gli spazi<\/strong><span class=\"ez-toc-section-end\"><\/span><\/h3>\n\n\n\n<p>Vetrine spaziose o piccole, attrezzate o meno di supporti e manichini, con lo sfondo o senza, sono realt\u00e0 ben diverse. Di conseguenza, anche il loro allestimento dovr\u00e0 seguire un\u2019impostazione differente. Ecco perch\u00e9, prima di mettere in mostra i tuoi prodotti, ti consigliamo di studiare con cura le<strong> caratteristiche degli spazi<\/strong> che vai ad allestire.&nbsp;<\/p>\n\n\n\n<p>In questo modo, potrai capire se hai bisogno di aggiungere o togliere delle basi d\u2019appoggio anche in funzione degli oggetti di scena. Inoltre potrai chiarirti le idee in anticipo su quali e quanti prodotti esporre.<\/p>\n\n\n\n<h3 class=\"wp-block-heading\"><span class=\"ez-toc-section\" id=\"3_Scegli_un_tema\"><\/span><strong>3. Scegli un tema<\/strong><span class=\"ez-toc-section-end\"><\/span><\/h3>\n\n\n\n<p>Se desideri che il tuo negozio si distingua, definisci <strong>un tema che faccia da filo conduttore<\/strong> tra le vetrine e l\u2019allestimento interno. Comunicherai coerenza e riconoscibilit\u00e0. Inoltre, avrai la possibilit\u00e0 di coinvolgere le persone raccontando una storia di eleganza, tradizione, modernit\u00e0, innovazione e molto altro ancora.&nbsp;<\/p>\n\n\n\n<p>Le possibilit\u00e0 sono davvero tantissime e la scelta dipende dalle caratteristiche della tua attivit\u00e0, oltre che dal messaggio che vuoi comunicare. Il tema pu\u00f2 essere legato a <strong>festivit\u00e0 o ricorrenze.<\/strong> Oppure variare in base alle <strong>stagioni o eventi speciali<\/strong>. In ogni caso, rappresenta una delle basi da cui partire per emozionare e coinvolgere la tua clientela.<\/p>\n\n\n\n<h3 class=\"wp-block-heading\"><span class=\"ez-toc-section\" id=\"4_Definisci_il_punto_focale\"><\/span><strong>4. Definisci il punto focale<\/strong><span class=\"ez-toc-section-end\"><\/span><\/h3>\n\n\n\n<p>Sai dove si posano gli sguardi dei passanti in vetrina? Sul punto focale: una <strong>zona centrale all\u2019altezza degli occhi.<\/strong> \u00c8 qui che dovrai collocare i tuoi prodotti di punta o un elemento decorativo capace di attirare l\u2019attenzione sul resto dell&#8217;allestimento. \u00c8 da qui che dovrai partire per creare un\u2019esposizione vetrinistica armoniosa ed equilibrata senza dimenticare il <strong>ruolo dell\u2019illuminazione<\/strong>: assicurati che questa porzione di vetrina sia ben illuminata, magari con un faretto ad hoc o una disposizione strategica delle luci.&nbsp;<\/p>\n\n\n\n<p>In ogni vetrina ben allestita, il punto focale deve emergere chiaramente per diventare il vero centro della scena. Un elemento importante anche per la disposizione della merce all\u2019interno del tuo punto vendita. In entrambi i casi, infatti, questo dettaglio \u00e8 utile per evitare una certa confusione ottenendo un impatto visivo pi\u00f9 ordinato e convincente. Non dimenticarlo!<\/p>\n\n\n\n<h3 class=\"wp-block-heading\"><span class=\"ez-toc-section\" id=\"5_Abbina_con_cura_i_colori\"><\/span><strong>5. Abbina con cura i colori<\/strong><span class=\"ez-toc-section-end\"><\/span><\/h3>\n\n\n\n<p>In base al tema che hai scelto e alla personalit\u00e0 del tuo negozio, studia una <strong>palette di colori ideale <\/strong>e seguila per la scelta dei prodotti da esporre. In questo modo renderai l\u2019allestimento pi\u00f9 armonioso ed efficace, fornendo ai potenziali clienti una sorta di cornice di riferimento. Scegli 2 o 3 tonalit\u00e0 principali che si abbinino alla perfezione ed evita di mescolare troppe nuance diverse. Anche l\u2019uso strategico dei colori pu\u00f2 contribuire a emozionare e personalizzare sia l\u2019allestimento vetrina che l\u2019esposizione interna.<\/p>\n\n\n\n<h3 class=\"wp-block-heading\"><span class=\"ez-toc-section\" id=\"6_Ricorda_che_%E2%80%9Cmeno_e_piu%E2%80%9D\"><\/span><strong>6. Ricorda che \u201cmeno \u00e8 pi\u00f9\u201d<\/strong><span class=\"ez-toc-section-end\"><\/span><\/h3>\n\n\n\n<p>Quando si tratta di allestire un negozio, il minimalismo \u00e8 spesso la scelta vincente. Una vetrina sovraccarica di elementi rischia di confondere, mentre un <strong>allestimento essenziale <\/strong>pu\u00f2 aiutare chi guarda a trovare davvero ci\u00f2 che cerca. In base ai tuoi spazi, concentrati sul numero giusto di prodotti e valorizzali con dettagli mirati a esaltarne le caratteristiche (luci, colori o decorazioni). <\/p>\n\n\n\n<p>Una vetrina pulita e ordinata non solo risulta pi\u00f9 curata, ma permette anche di guidare lo sguardo del cliente verso ci\u00f2 che conta davvero. Merita cogliere questa opportunit\u00e0 senza temere gli spazi vuoti che, a differenza di quanto si pensi, possono aumentare la visibilit\u00e0 dei singoli articoli mettendoli in risalto.<\/p>\n\n\n\n<h3 class=\"wp-block-heading\"><span class=\"ez-toc-section\" id=\"7_Rinnova_spesso_lesposizione\"><\/span><strong>7. Rinnova spesso l\u2019esposizione<\/strong><span class=\"ez-toc-section-end\"><\/span><\/h3>\n\n\n\n<p>Concludiamo i nostri consigli dedicati all&#8217;allestimento vetrine con un suggerimento di buon senso, ma non per questo privo d\u2019importanza. Una vetrina che resta invariata troppo a lungo, rischia di annoiare e di passare inosservata. Al contrario, un<strong>\u2019esposizione sempre diversa<\/strong> mantiene alta l\u2019attenzione, incuriosisce e invoglia i nuovi clienti a entrare. Non \u00e8 necessario stravolgere tutto ogni volta: basta cambiare alcuni elementi chiave con regolarit\u00e0. <\/p>\n\n\n\n<p>In quest\u2019ottica, aggiornare le vetrine in base alle stagioni, alle festivit\u00e0 o alle promozioni in corso, aiuta a coltivare il rapporto con il pubblico in target comunicando un senso di dinamismo e di professionalit\u00e0. La carrellata che segue, \u00e8 dedicata proprio a fornirti delle idee per allestire le vetrine durante il corso dell\u2019anno. Scopri di pi\u00f9 e lasciati ispirare!<\/p>\n\n\n\n<figure class=\"wp-block-image size-large\"><img fetchpriority=\"high\" decoding=\"async\" width=\"1024\" height=\"683\" src=\"https:\/\/www.bianchidino.it\/blog\/wp-content\/uploads\/2025\/01\/idee-per-allestire-un-negozio-1024x683.jpg\" alt=\"idee per allestire un negozio\" class=\"wp-image-302\" srcset=\"https:\/\/www.bianchidino.it\/blog\/wp-content\/uploads\/2025\/01\/idee-per-allestire-un-negozio-1024x683.jpg 1024w, https:\/\/www.bianchidino.it\/blog\/wp-content\/uploads\/2025\/01\/idee-per-allestire-un-negozio-300x200.jpg 300w, https:\/\/www.bianchidino.it\/blog\/wp-content\/uploads\/2025\/01\/idee-per-allestire-un-negozio-768x512.jpg 768w, https:\/\/www.bianchidino.it\/blog\/wp-content\/uploads\/2025\/01\/idee-per-allestire-un-negozio.jpg 1500w\" sizes=\"(max-width: 1024px) 100vw, 1024px\" \/><\/figure>\n\n\n\n<h2 class=\"wp-block-heading\"><span class=\"ez-toc-section\" id=\"Allestimento_vetrine_in_base_a_festivita_eventi_e_stagioni\"><\/span><strong>Allestimento vetrine in base a festivit\u00e0, eventi e stagioni<\/strong><span class=\"ez-toc-section-end\"><\/span><\/h2>\n\n\n\n<h3 class=\"wp-block-heading\"><span class=\"ez-toc-section\" id=\"Natale\"><\/span><strong>Natale<\/strong><span class=\"ez-toc-section-end\"><\/span><\/h3>\n\n\n\n<p>Una scenografia fiabesca tra elfi, folletti e Babbi Natale. Un gioco di luci tra decori scintillanti, lanterne e candele. Un bosco incantato con gli abeti pi\u00f9 belli e folti. Una tavola imbandita, una decorazione floreale fuori dagli schemi e poi tanti, tanti addobbi. Ogni Natale \u00e8 diverso ma rappresenta pur sempre il momento clou per allestire un negozio con le sue vetrine: l\u2019occasione perfetta per emozionare e incuriosire con un pizzico di magia. Scopri le nostre <a href=\"https:\/\/www.bianchidino.it\/blog\/vetrine-di-natale-2024\/\" target=\"_blank\" rel=\"noreferrer noopener\"><strong>idee per le vetrine di Natale<\/strong><\/a> e naviga tra gli oltre 15.000 <a href=\"https:\/\/www.bianchidino.it\/articoli-natalizi.php\" target=\"_blank\" rel=\"noreferrer noopener\">articoli natalizi <\/a>del nostro catalogo per rendere la tua esposizione ancor pi\u00f9 incantevole.<\/p>\n\n\n\n<h3 class=\"wp-block-heading\"><span class=\"ez-toc-section\" id=\"San_Valentino\"><\/span><strong>San Valentino<\/strong><span class=\"ez-toc-section-end\"><\/span><\/h3>\n\n\n\n<p>A febbraio l\u2019amore \u00e8 nell\u2019aria: non possono certo mancare cuori e dettagli romantici per celebrare il sentimento. Per l\u2019<a href=\"https:\/\/www.bianchidino.it\/blog\/allestimenti-vetrine-san-valentino\/\"><strong>allestimento delle vetrine di San Valentino<\/strong><\/a>, quindi, \u00e8 importante puntare su delle pennellate di rosso e su una serie di decorazioni capaci di attirare sia le coppie che i clienti in cerca di un regalo speciale. Per esempio, <a href=\"https:\/\/catalogo.bianchidino.it\/it\/lista\/0\/articoli\/2\/1\/categoria\/cuori,-s-valentino,-f-mamma-7\/cuori-rattan-e-in-vari-materiali-70\" target=\"_blank\" rel=\"noreferrer noopener\">cuori di vari materiali<\/a>, <a href=\"https:\/\/catalogo.bianchidino.it\/it\/lista\/0\/articoli\/2\/1\/categoria\/cuori,-s-valentino,-f-mamma-7\/cuore-contenitori-ceramica-e-mat-383\" target=\"_blank\" rel=\"noreferrer noopener\">contenitori di ceramica<\/a>, <a href=\"https:\/\/catalogo.bianchidino.it\/it\/lista\/0\/articoli\/2\/2\/categoria\/cuori,-s-valentino,-f-mamma-7\/accessori-cuore-palloncini-etic-bigl-bamb-nastri-256\" target=\"_blank\" rel=\"noreferrer noopener\">palloncini e accessori<\/a> ispirati all\u2019amore. Abbiamo tutto il necessario anche per questa occasione.<\/p>\n\n\n\n<h3 class=\"wp-block-heading\"><span class=\"ez-toc-section\" id=\"Primavera\"><\/span><strong>Primavera<\/strong><span class=\"ez-toc-section-end\"><\/span><\/h3>\n\n\n\n<p>Nella stagione sinonimo di freschezza e rinascita, una serie di elementi possono trasformare la tua vetrina in un\u2019esplosione di novit\u00e0 e vitalit\u00e0. Tonalit\u00e0 pastello come il rosa, l\u2019azzurro e il giallo sono perfette per evocare la nuova primavera. Decorazioni ispirate alla natura, come fiori, foglie e materiali naturali sono ideali per rispecchiare il ritrovato desiderio di stare all\u2019aperto. E poi c\u2019\u00e8 la <strong>Pasqua<\/strong>, la festivit\u00e0 simbolo della primavera, con coniglietti, pulcini e uova declinate in tantissimi modi diversi. Trova quello che fa per te nella sezione dedicata agli <a href=\"https:\/\/catalogo.bianchidino.it\/it\/catalogo\/0\/1\/categoria\/articoli-primaverili-e-pasquali-6\" target=\"_blank\" rel=\"noreferrer noopener\">articoli primaverili e pasquali<\/a>. Delle <strong><a href=\"https:\/\/www.bianchidino.it\/blog\/come-allestire-le-vetrine-primaverili\/\">vetrine primaverili<\/a> <\/strong>ben curate attirano l\u2019attenzione dei passanti e invogliano a scoprire le novit\u00e0 della stagione nel tuo negozio.<\/p>\n\n\n\n<h3 class=\"wp-block-heading\"><span class=\"ez-toc-section\" id=\"Mare\"><\/span><strong>Mare<\/strong><span class=\"ez-toc-section-end\"><\/span><\/h3>\n\n\n\n<p>Quando vuoi allestire una vetrina estiva, scegliere un tema marino pu\u00f2 aiutarti a creare una visione rilassante e vacanziera. Allora, largo a dettagli come conchiglie, pesci e coralli accompagnati dalle tipiche sfumature del bianco e del blu. Ma non \u00e8 tutto: puoi anche aggiungere degli elementi decorativi che richiamino lo stile nautico (come barche, fari, salvagenti e reti da pesca) o giocare con la trasparenza del vetro per valorizzare i tuoi prodotti. Visita la sezione del nostro shop B2B dedicata ai <a href=\"https:\/\/catalogo.bianchidino.it\/it\/lista\/0\/articoli\/2\/1\/categoria\/decori-casa-e-complementi-12\/marina,-decori-tema-marino-116\" target=\"_blank\" rel=\"noreferrer noopener\">decori a tema marino<\/a> e scegli tutto ci\u00f2 che ti serve per respirare aria di salmastro con il tuo allestimento.<\/p>\n\n\n\n<h3 class=\"wp-block-heading\"><span class=\"ez-toc-section\" id=\"Autunno\"><\/span><strong>Autunno<\/strong><span class=\"ez-toc-section-end\"><\/span><\/h3>\n\n\n\n<p>Se il foliage \u00e8 diventato un trend sempre pi\u00f9 suggestivo e seducente, perch\u00e9 non trarne spunto per allestire delle <a href=\"https:\/\/www.bianchidino.it\/blog\/vetrine-autunnali\/\"><strong>vetrine autunnali<\/strong><\/a> con foglie dai colori caldi, zucche, fiori secchi e decorazioni in perfetta atmosfera stagionale? Scegli una palette basata su colori come l\u2019arancione, il marrone e l\u2019ocra, aggiungi dei dettagli ispirati alla natura, gioca con l\u2019illuminazione per esaltare i prodotti esposti e voil\u00e0: il tuo allestimento a tema autunno diventer\u00e0 irresistibile. Naviga tra le nostre proposte dedicate ai <a href=\"https:\/\/catalogo.bianchidino.it\/it\/lista\/0\/articoli\/2\/1\/categoria\/halloween,-streghe-e-autunno-3\/autunno-decorazioni-rami-ghlrlande-e-varie-73\" target=\"_blank\" rel=\"noreferrer noopener\">decori autunnali<\/a> per scoprire di pi\u00f9!<\/p>\n\n\n\n<h3 class=\"wp-block-heading\"><span class=\"ez-toc-section\" id=\"Halloween\"><\/span><strong>Halloween<\/strong><span class=\"ez-toc-section-end\"><\/span><\/h3>\n\n\n\n<p>Insieme alle foglie gialle e alle zucche, in autunno torna puntuale anche una ricorrenza che si sta imponendo sempre di pi\u00f9: parliamo di Halloween con il suo carico di ragnatele, fantasmi, teschi e dettagli paurosi. Per una <strong><a href=\"https:\/\/www.bianchidino.it\/blog\/allestimento-vetrine-halloween\/\">vetrina a tema Halloween<\/a><\/strong>, tonalit\u00e0 scure come il nero e il viola, abbinate all\u2019arancione, sono perfette per evocare il fascino misterioso di questa festa. Ma anche luci o lanterne possono contribuire, dando un tocco teatrale e attirando lo sguardo sulla tua esposizione. Integra i tuoi prodotti nel tema con creativit\u00e0, noi ti mettiamo a disposizione tutti il necessario: vai alla sezione <a href=\"https:\/\/catalogo.bianchidino.it\/it\/lista\/0\/articoli\/2\/1\/categoria\/halloween,-streghe-e-autunno-3\/halloween-114\" target=\"_blank\" rel=\"noreferrer noopener\">Halloween<\/a> del nostro shop online.<\/p>\n\n\n\n<h3 class=\"wp-block-heading\"><span class=\"ez-toc-section\" id=\"Saldi\"><\/span><strong>Saldi<\/strong><span class=\"ez-toc-section-end\"><\/span><\/h3>\n\n\n\n<p>Che si tratti dei saldi estivi o di quelli invernali, hai l\u2019opportunit\u00e0 di incentivare le vendite e la visibilit\u00e0 del tuo negozio con un\u2019esposizione a regola d\u2019arte. Ma come allestire una vetrina per i saldi? Puoi puntare su cartelli con scritte accattivanti, colori vivaci, percentuali di sconto per comunicare un senso di urgenza e invitare ad approfittare delle offerte. Ma puoi anche creare un allestimento vetrinistico che metta in risalto i tuoi prodotti in modo da renderli ancora pi\u00f9 appetibili. <\/p>\n\n\n\n<p>In base alla stagione, per esempio, puoi scegliere un tema tipicamente estivo o invernale. Oppure puoi incuriosire mettendo in mostra solo alcuni prodotti in modo strategico. Inoltre puoi raggruppare gli articoli per tipo, in modo che la clientela trovi subito quello che cerca con un\u2019idea precisa dell\u2019assortimento a disposizione. A te la scelta. A noi la possibilit\u00e0 di offrirti tutto quello di cui hai bisogno tra le migliaia di articoli e decorazioni del nostro <a href=\"https:\/\/www.bianchidino.it\/showroom.php\" target=\"_blank\" rel=\"noreferrer noopener\">showroom<\/a>.<\/p>\n\n\n\n<h3 class=\"wp-block-heading\"><span class=\"ez-toc-section\" id=\"Inaugurazione\"><\/span><strong>Inaugurazione<\/strong><span class=\"ez-toc-section-end\"><\/span><\/h3>\n\n\n\n<p>Se stai per aprire un negozio, congratulazioni! Quello che ti serve \u00e8 un allestimento in grado di comunicare l\u2019importanza e la novit\u00e0 dell\u2019evento. Palloncini, fiori freschi e decorazioni personalizzate possono aiutare creando un\u2019atmosfera speciale. Mentre \u00e8 indispensabile studiare un <a href=\"https:\/\/www.bianchidino.it\/blog\/allestimento-inaugurazione-negozio\/\"><strong>allestimento vetrine per l\u2019inaugurazione<\/strong><\/a> capace di rappresentare subito il valore e la personalit\u00e0 della tua offerta. Un tocco creativo non pu\u00f2 mancare. Ma puoi valutare anche una promozione esclusiva per l\u2019evento: un modo per incentivare chi ti ha appena conosciuto a ritornare.<\/p>\n\n\n\n<figure class=\"wp-block-image size-large\"><img decoding=\"async\" width=\"1024\" height=\"683\" src=\"https:\/\/www.bianchidino.it\/blog\/wp-content\/uploads\/2025\/01\/allestimento-vetrine-negozi-1024x683.jpg\" alt=\"amento vetrine negozi\" class=\"wp-image-303\" srcset=\"https:\/\/www.bianchidino.it\/blog\/wp-content\/uploads\/2025\/01\/allestimento-vetrine-negozi-1024x683.jpg 1024w, https:\/\/www.bianchidino.it\/blog\/wp-content\/uploads\/2025\/01\/allestimento-vetrine-negozi-300x200.jpg 300w, https:\/\/www.bianchidino.it\/blog\/wp-content\/uploads\/2025\/01\/allestimento-vetrine-negozi-768x512.jpg 768w, https:\/\/www.bianchidino.it\/blog\/wp-content\/uploads\/2025\/01\/allestimento-vetrine-negozi.jpg 1500w\" sizes=\"(max-width: 1024px) 100vw, 1024px\" \/><\/figure>\n\n\n\n<p>In ogni momento dell\u2019anno e per ogni iniziativa, da <a href=\"https:\/\/www.bianchidino.it\/index.php\" target=\"_blank\" rel=\"noreferrer noopener\">Bianchi Dino<\/a> trovi tutto il necessario per le tue vetrine e i tuoi allestimenti. <a href=\"https:\/\/www.bianchidino.it\/contatti.php\" target=\"_blank\" rel=\"noreferrer noopener\">Contattaci<\/a>: dal 1970 supportiamo la tua visione decorativa con tutta la nostra esperienza e creativit\u00e0. Sar\u00e0 un piacere esserti ancora d\u2019aiuto!<\/p>\n","protected":false},"excerpt":{"rendered":"<p>Per allestire un negozio servono accuratezza e consapevolezza, oltre alla creativit\u00e0. In ballo c\u2019\u00e8 l\u2019esperienza che vuoi regalare ai potenziali clienti ed \u00e8 importante considerare ogni aspetto a partire dalle vetrine: il primo elemento che cattura l\u2019attenzione dei passanti e li invita a entrare. Un allestimento curato e studiato valorizza i prodotti e crea un\u2019esperienza [&hellip;]<\/p>\n","protected":false},"author":4,"featured_media":301,"comment_status":"open","ping_status":"open","sticky":false,"template":"","format":"standard","meta":{"footnotes":""},"categories":[14],"tags":[],"class_list":["post-299","post","type-post","status-publish","format-standard","has-post-thumbnail","hentry","category-vetrine"],"_links":{"self":[{"href":"https:\/\/www.bianchidino.it\/blog\/wp-json\/wp\/v2\/posts\/299","targetHints":{"allow":["GET"]}}],"collection":[{"href":"https:\/\/www.bianchidino.it\/blog\/wp-json\/wp\/v2\/posts"}],"about":[{"href":"https:\/\/www.bianchidino.it\/blog\/wp-json\/wp\/v2\/types\/post"}],"author":[{"embeddable":true,"href":"https:\/\/www.bianchidino.it\/blog\/wp-json\/wp\/v2\/users\/4"}],"replies":[{"embeddable":true,"href":"https:\/\/www.bianchidino.it\/blog\/wp-json\/wp\/v2\/comments?post=299"}],"version-history":[{"count":5,"href":"https:\/\/www.bianchidino.it\/blog\/wp-json\/wp\/v2\/posts\/299\/revisions"}],"predecessor-version":[{"id":571,"href":"https:\/\/www.bianchidino.it\/blog\/wp-json\/wp\/v2\/posts\/299\/revisions\/571"}],"wp:featuredmedia":[{"embeddable":true,"href":"https:\/\/www.bianchidino.it\/blog\/wp-json\/wp\/v2\/media\/301"}],"wp:attachment":[{"href":"https:\/\/www.bianchidino.it\/blog\/wp-json\/wp\/v2\/media?parent=299"}],"wp:term":[{"taxonomy":"category","embeddable":true,"href":"https:\/\/www.bianchidino.it\/blog\/wp-json\/wp\/v2\/categories?post=299"},{"taxonomy":"post_tag","embeddable":true,"href":"https:\/\/www.bianchidino.it\/blog\/wp-json\/wp\/v2\/tags?post=299"}],"curies":[{"name":"wp","href":"https:\/\/api.w.org\/{rel}","templated":true}]}}